{"id":547,"date":"2019-01-15T18:47:29","date_gmt":"2019-01-15T18:47:29","guid":{"rendered":"http:\/\/erlebnis-weltreise.de\/?p=547"},"modified":"2019-01-15T18:47:29","modified_gmt":"2019-01-15T18:47:29","slug":"la-palma","status":"publish","type":"post","link":"http:\/\/erlebnis-weltreise.de\/?p=547","title":{"rendered":"La Palma"},"content":{"rendered":"\n<p>Hier auf La Palma ist es w\u00e4rmer als erwartet und ich genie\u00dfe die Sonne, das Meer und vor allem einen grandiosen Blick aus der Finca \u00fcber das Meer bis nach Tenariffa und Gomera duch ein gro\u00dfes Panoramafenster. Ich bin leider etwas erk\u00e4ltet, was gar nicht zu dem sch\u00f6nen Wetter passt. Neben dem Malen und vielen Lesen sind wir wandern und am Meer.<\/p>\n\n\n\n<p><br><\/p>\n","protected":false},"excerpt":{"rendered":"<p>Hier auf La Palma ist es w\u00e4rmer als erwartet und ich genie\u00dfe die Sonne, das Meer und vor allem einen grandiosen Blick aus der Finca \u00fcber das Meer bis nach Tenariffa und Gomera duch ein gro\u00dfes Panoramafenster. Ich bin leider etwas erk\u00e4ltet, was gar nicht zu dem sch\u00f6nen Wetter passt. Neben dem Malen und vielen &hellip; <\/p>\n<p class=\"link-more\"><a href=\"http:\/\/erlebnis-weltreise.de\/?p=547\" class=\"more-link\"><span class=\"screen-reader-text\">\u201eLa Palma\u201c<\/span> weiterlesen<\/a><\/p>\n","protected":false},"author":1,"featured_media":550,"comment_status":"open","ping_status":"open","sticky":false,"template":"","format":"standard","meta":[],"categories":[1],"tags":[],"_links":{"self":[{"href":"http:\/\/erlebnis-weltreise.de\/index.php?rest_route=\/wp\/v2\/posts\/547"}],"collection":[{"href":"http:\/\/erlebnis-weltreise.de\/index.php?rest_route=\/wp\/v2\/posts"}],"about":[{"href":"http:\/\/erlebnis-weltreise.de\/index.php?rest_route=\/wp\/v2\/types\/post"}],"author":[{"embeddable":true,"href":"http:\/\/erlebnis-weltreise.de\/index.php?rest_route=\/wp\/v2\/users\/1"}],"replies":[{"embeddable":true,"href":"http:\/\/erlebnis-weltreise.de\/index.php?rest_route=%2Fwp%2Fv2%2Fcomments&post=547"}],"version-history":[{"count":2,"href":"http:\/\/erlebnis-weltreise.de\/index.php?rest_route=\/wp\/v2\/posts\/547\/revisions"}],"predecessor-version":[{"id":556,"href":"http:\/\/erlebnis-weltreise.de\/index.php?rest_route=\/wp\/v2\/posts\/547\/revisions\/556"}],"wp:featuredmedia":[{"embeddable":true,"href":"http:\/\/erlebnis-weltreise.de\/index.php?rest_route=\/wp\/v2\/media\/550"}],"wp:attachment":[{"href":"http:\/\/erlebnis-weltreise.de\/index.php?rest_route=%2Fwp%2Fv2%2Fmedia&parent=547"}],"wp:term":[{"taxonomy":"category","embeddable":true,"href":"http:\/\/erlebnis-weltreise.de\/index.php?rest_route=%2Fwp%2Fv2%2Fcategories&post=547"},{"taxonomy":"post_tag","embeddable":true,"href":"http:\/\/erlebnis-weltreise.de\/index.php?rest_route=%2Fwp%2Fv2%2Ftags&post=547"}],"curies":[{"name":"wp","href":"https:\/\/api.w.org\/{rel}","templated":true}]}}